{"id":36171,"date":"2021-08-30T13:20:31","date_gmt":"2021-08-30T13:20:31","guid":{"rendered":"https:\/\/afanoc.org\/blog\/la-transperfect-mountain-challenge-de-este-ano-durara-un-mes-y-medio\/"},"modified":"2024-08-01T05:46:33","modified_gmt":"2024-08-01T05:46:33","slug":"la-transperfect-mountain-challenge-de-este-ano-durara-un-mes-y-medio","status":"publish","type":"post","link":"https:\/\/afanoc.org\/es\/blog\/la-transperfect-mountain-challenge-de-este-ano-durara-un-mes-y-medio\/","title":{"rendered":"La Transperfect Mountain Challenge de este a\u00f1o durar\u00e1 un mes y medio"},"content":{"rendered":"<h3>La carrera solidaria se adapta a los nuevos tiempos<\/h3>\n<p>Ser\u00e1 una carrera internacional, m\u00e1s grande, m\u00e1s participativa, con localizaciones en todo el m\u00f2n porque cada cual la haga a su ritmo, a su tiempo, pero en conexi\u00f3n con todo el mundo!<\/p>\n<p>\u00a1Toma nota y ap\u00fantate!<\/p>\n<p>CARRERA SOLIDARIA:<br \/>\nLocalitzaci\u00f3n: Todo el mundo<\/p>\n<p>Per\u00edodo: Del 14 de septiembre hasta el 31 de octubre<\/p>\n<p>Dist\u00e1ncia: 5km \u2013 10km<\/p>\n<p>Corre a tu ritmo, donde quieras, cuando quieras. T\u00fa eliges la ruta, el d\u00eda y la hora. Para m\u00e1s diversi\u00f3n, tambi\u00e9n podr\u00e1s comparar tu tiempo con el de otros corredores de la misma distancia.<\/p>\n<h3><a href=\"https:\/\/www.transperfectmountainchallenge.com\/es\/product\/registrate\/\" target=\"_blank\" rel=\"noopener\">INSCRIBETE<\/a><\/h3>\n<p>El equipo del TransPerfect Mountain Challenge te mantendr\u00e1 informado: unas semanas antes de la fecha de salida te enviar\u00e1 un c\u00f3digo e instrucciones para usar una aplicaci\u00f3n m\u00f3vil con la que podr\u00e1s hacer el seguimiento de tu participaci\u00f3n.<\/p>\n<h3><\/h3>\n","protected":false},"excerpt":{"rendered":"<p>La carrera solidaria se adapta a los nuevos tiempos Ser\u00e1 una carrera internacional, m\u00e1s grande, m\u00e1s participativa, con localizaciones en todo el m\u00f2n porque cada cual la haga a su ritmo, a su tiempo, pero en conexi\u00f3n con todo el mundo! \u00a1Toma nota y ap\u00fantate! CARRERA SOLIDARIA: Localitzaci\u00f3n: Todo el mundo Per\u00edodo: Del 14 de [&hellip;]<\/p>\n","protected":false},"author":3,"featured_media":35668,"comment_status":"open","ping_status":"open","sticky":false,"template":"","format":"standard","meta":{"site-sidebar-layout":"default","site-content-layout":"","ast-site-content-layout":"default","site-content-style":"default","site-sidebar-style":"default","ast-global-header-display":"","ast-banner-title-visibility":"","ast-main-header-display":"","ast-hfb-above-header-display":"","ast-hfb-below-header-display":"","ast-hfb-mobile-header-display":"","site-post-title":"","ast-breadcrumbs-content":"","ast-featured-img":"","footer-sml-layout":"","theme-transparent-header-meta":"","adv-header-id-meta":"","stick-header-meta":"","header-above-stick-meta":"","header-main-stick-meta":"","header-below-stick-meta":"","astra-migrate-meta-layouts":"default","ast-page-background-enabled":"default","ast-page-background-meta":{"desktop":{"background-color":"var(--ast-global-color-4)","background-image":"","background-repeat":"repeat","background-position":"center center","background-size":"auto","background-attachment":"scroll","background-type":"","background-media":"","overlay-type":"","overlay-color":"","overlay-opacity":"","overlay-gradient":""},"tablet":{"background-color":"","background-image":"","background-repeat":"repeat","background-position":"center center","background-size":"auto","background-attachment":"scroll","background-type":"","background-media":"","overlay-type":"","overlay-color":"","overlay-opacity":"","overlay-gradient":""},"mobile":{"background-color":"","background-image":"","background-repeat":"repeat","background-position":"center center","background-size":"auto","background-attachment":"scroll","background-type":"","background-media":"","overlay-type":"","overlay-color":"","overlay-opacity":"","overlay-gradient":""}},"ast-content-background-meta":{"desktop":{"background-color":"var(--ast-global-color-5)","background-image":"","background-repeat":"repeat","background-position":"center center","background-size":"auto","background-attachment":"scroll","background-type":"","background-media":"","overlay-type":"","overlay-color":"","overlay-opacity":"","overlay-gradient":""},"tablet":{"background-color":"var(--ast-global-color-5)","background-image":"","background-repeat":"repeat","background-position":"center center","background-size":"auto","background-attachment":"scroll","background-type":"","background-media":"","overlay-type":"","overlay-color":"","overlay-opacity":"","overlay-gradient":""},"mobile":{"background-color":"var(--ast-global-color-5)","background-image":"","background-repeat":"repeat","background-position":"center center","background-size":"auto","background-attachment":"scroll","background-type":"","background-media":"","overlay-type":"","overlay-color":"","overlay-opacity":"","overlay-gradient":""}},"footnotes":""},"categories":[1085],"tags":[],"class_list":["post-36171","post","type-post","status-publish","format-standard","has-post-thumbnail","hentry","category-noticias"],"publishpress_future_workflow_manual_trigger":{"enabledWorkflows":[]},"_links":{"self":[{"href":"https:\/\/afanoc.org\/es\/wp-json\/wp\/v2\/posts\/36171","targetHints":{"allow":["GET"]}}],"collection":[{"href":"https:\/\/afanoc.org\/es\/wp-json\/wp\/v2\/posts"}],"about":[{"href":"https:\/\/afanoc.org\/es\/wp-json\/wp\/v2\/types\/post"}],"author":[{"embeddable":true,"href":"https:\/\/afanoc.org\/es\/wp-json\/wp\/v2\/users\/3"}],"replies":[{"embeddable":true,"href":"https:\/\/afanoc.org\/es\/wp-json\/wp\/v2\/comments?post=36171"}],"version-history":[{"count":0,"href":"https:\/\/afanoc.org\/es\/wp-json\/wp\/v2\/posts\/36171\/revisions"}],"wp:featuredmedia":[{"embeddable":true,"href":"https:\/\/afanoc.org\/es\/wp-json\/wp\/v2\/media\/35668"}],"wp:attachment":[{"href":"https:\/\/afanoc.org\/es\/wp-json\/wp\/v2\/media?parent=36171"}],"wp:term":[{"taxonomy":"category","embeddable":true,"href":"https:\/\/afanoc.org\/es\/wp-json\/wp\/v2\/categories?post=36171"},{"taxonomy":"post_tag","embeddable":true,"href":"https:\/\/afanoc.org\/es\/wp-json\/wp\/v2\/tags?post=36171"}],"curies":[{"name":"wp","href":"https:\/\/api.w.org\/{rel}","templated":true}]}}